{"id":2880,"date":"2023-01-02T12:00:48","date_gmt":"2023-01-02T11:00:48","guid":{"rendered":"https:\/\/imagerie78.com\/?p=2880"},"modified":"2023-01-14T22:33:20","modified_gmt":"2023-01-14T21:33:20","slug":"01-01-2023-dr-selma-beldjord-rejoint-les-specialistes","status":"publish","type":"post","link":"https:\/\/imagerie78.com\/index.php\/2023\/01\/02\/01-01-2023-dr-selma-beldjord-rejoint-les-specialistes\/","title":{"rendered":"[01\/01\/2023] Dr Selma BELDJORD rejoint les sp\u00e9cialistes"},"content":{"rendered":"\n<p>Le Docteur Selma BELDJORD rejoint l&rsquo;\u00e9quipe d&rsquo;Imagerie 78.<br>Elle est sp\u00e9cialis\u00e9e en Imagerie de la femme et exercera pr\u00e9f\u00e9rentiellement sur le centre de Montigny.<\/p>\n","protected":false},"excerpt":{"rendered":"<p>Le Docteur Selma BELDJORD rejoint l&rsquo;\u00e9quipe d&rsquo;Imagerie 78.Elle est sp\u00e9cialis\u00e9e [&hellip;]<\/p>\n","protected":false},"author":2,"featured_media":2887,"comment_status":"closed","ping_status":"closed","sticky":false,"template":"","format":"standard","meta":{"footnotes":""},"categories":[24],"tags":[35,34],"class_list":["post-2880","post","type-post","status-publish","format-standard","has-post-thumbnail","hentry","category-actualite","tag-montigny","tag-specialiste"],"yoast_head":"<!-- This site is optimized with the Yoast SEO plugin v27.4 - https:\/\/yoast.com\/product\/yoast-seo-wordpress\/ -->\n<title>[01\/01\/2023] Dr Selma BELDJORD rejoint les sp\u00e9cialistes - Imagerie m\u00e9dicale 78<\/title>\n<meta name=\"robots\" content=\"index, follow, max-snippet:-1, max-image-preview:large, max-video-preview:-1\" \/>\n<link rel=\"canonical\" href=\"https:\/\/imagerie78.com\/index.php\/2023\/01\/02\/01-01-2023-dr-selma-beldjord-rejoint-les-specialistes\/\" \/>\n<meta property=\"og:locale\" content=\"fr_FR\" \/>\n<meta property=\"og:type\" content=\"article\" \/>\n<meta property=\"og:title\" content=\"[01\/01\/2023] Dr Selma BELDJORD rejoint les sp\u00e9cialistes - Imagerie m\u00e9dicale 78\" \/>\n<meta property=\"og:description\" content=\"Le Docteur Selma BELDJORD rejoint l&rsquo;\u00e9quipe d&rsquo;Imagerie 78.Elle est sp\u00e9cialis\u00e9e [&hellip;]\" \/>\n<meta property=\"og:url\" content=\"https:\/\/imagerie78.com\/index.php\/2023\/01\/02\/01-01-2023-dr-selma-beldjord-rejoint-les-specialistes\/\" \/>\n<meta property=\"og:site_name\" content=\"Imagerie m\u00e9dicale 78\" \/>\n<meta property=\"article:published_time\" content=\"2023-01-02T11:00:48+00:00\" \/>\n<meta property=\"article:modified_time\" content=\"2023-01-14T21:33:20+00:00\" \/>\n<meta property=\"og:image\" content=\"https:\/\/imagerie78.com\/wp-content\/uploads\/2023\/01\/Docteur-Selma-BELDJORD_vignette.png\" \/>\n\t<meta property=\"og:image:width\" content=\"409\" \/>\n\t<meta property=\"og:image:height\" content=\"420\" \/>\n\t<meta property=\"og:image:type\" content=\"image\/png\" \/>\n<meta name=\"author\" content=\"G\u00e9rald ROUSSEL\" \/>\n<meta name=\"twitter:card\" content=\"summary_large_image\" \/>\n<meta name=\"twitter:label1\" content=\"\u00c9crit par\" \/>\n\t<meta name=\"twitter:data1\" content=\"G\u00e9rald ROUSSEL\" \/>\n\t<meta name=\"twitter:label2\" content=\"Dur\u00e9e de lecture estim\u00e9e\" \/>\n\t<meta name=\"twitter:data2\" content=\"1 minute\" \/>\n<script type=\"application\/ld+json\" class=\"yoast-schema-graph\">{\"@context\":\"https:\\\/\\\/schema.org\",\"@graph\":[{\"@type\":\"Article\",\"@id\":\"https:\\\/\\\/imagerie78.com\\\/index.php\\\/2023\\\/01\\\/02\\\/01-01-2023-dr-selma-beldjord-rejoint-les-specialistes\\\/#article\",\"isPartOf\":{\"@id\":\"https:\\\/\\\/imagerie78.com\\\/index.php\\\/2023\\\/01\\\/02\\\/01-01-2023-dr-selma-beldjord-rejoint-les-specialistes\\\/\"},\"author\":{\"name\":\"G\u00e9rald ROUSSEL\",\"@id\":\"https:\\\/\\\/imagerie78.com\\\/#\\\/schema\\\/person\\\/8edf808eb83c55b0164779708c4ab632\"},\"headline\":\"[01\\\/01\\\/2023] Dr Selma BELDJORD rejoint les sp\u00e9cialistes\",\"datePublished\":\"2023-01-02T11:00:48+00:00\",\"dateModified\":\"2023-01-14T21:33:20+00:00\",\"mainEntityOfPage\":{\"@id\":\"https:\\\/\\\/imagerie78.com\\\/index.php\\\/2023\\\/01\\\/02\\\/01-01-2023-dr-selma-beldjord-rejoint-les-specialistes\\\/\"},\"wordCount\":36,\"image\":{\"@id\":\"https:\\\/\\\/imagerie78.com\\\/index.php\\\/2023\\\/01\\\/02\\\/01-01-2023-dr-selma-beldjord-rejoint-les-specialistes\\\/#primaryimage\"},\"thumbnailUrl\":\"https:\\\/\\\/imagerie78.com\\\/wp-content\\\/uploads\\\/2023\\\/01\\\/Docteur-Selma-BELDJORD_vignette.png\",\"keywords\":[\"montigny\",\"specialiste\"],\"articleSection\":[\"Actualit\u00e9\"],\"inLanguage\":\"fr-FR\"},{\"@type\":\"WebPage\",\"@id\":\"https:\\\/\\\/imagerie78.com\\\/index.php\\\/2023\\\/01\\\/02\\\/01-01-2023-dr-selma-beldjord-rejoint-les-specialistes\\\/\",\"url\":\"https:\\\/\\\/imagerie78.com\\\/index.php\\\/2023\\\/01\\\/02\\\/01-01-2023-dr-selma-beldjord-rejoint-les-specialistes\\\/\",\"name\":\"[01\\\/01\\\/2023] Dr Selma BELDJORD rejoint les sp\u00e9cialistes - Imagerie m\u00e9dicale 78\",\"isPartOf\":{\"@id\":\"https:\\\/\\\/imagerie78.com\\\/#website\"},\"primaryImageOfPage\":{\"@id\":\"https:\\\/\\\/imagerie78.com\\\/index.php\\\/2023\\\/01\\\/02\\\/01-01-2023-dr-selma-beldjord-rejoint-les-specialistes\\\/#primaryimage\"},\"image\":{\"@id\":\"https:\\\/\\\/imagerie78.com\\\/index.php\\\/2023\\\/01\\\/02\\\/01-01-2023-dr-selma-beldjord-rejoint-les-specialistes\\\/#primaryimage\"},\"thumbnailUrl\":\"https:\\\/\\\/imagerie78.com\\\/wp-content\\\/uploads\\\/2023\\\/01\\\/Docteur-Selma-BELDJORD_vignette.png\",\"datePublished\":\"2023-01-02T11:00:48+00:00\",\"dateModified\":\"2023-01-14T21:33:20+00:00\",\"author\":{\"@id\":\"https:\\\/\\\/imagerie78.com\\\/#\\\/schema\\\/person\\\/8edf808eb83c55b0164779708c4ab632\"},\"breadcrumb\":{\"@id\":\"https:\\\/\\\/imagerie78.com\\\/index.php\\\/2023\\\/01\\\/02\\\/01-01-2023-dr-selma-beldjord-rejoint-les-specialistes\\\/#breadcrumb\"},\"inLanguage\":\"fr-FR\",\"potentialAction\":[{\"@type\":\"ReadAction\",\"target\":[\"https:\\\/\\\/imagerie78.com\\\/index.php\\\/2023\\\/01\\\/02\\\/01-01-2023-dr-selma-beldjord-rejoint-les-specialistes\\\/\"]}]},{\"@type\":\"ImageObject\",\"inLanguage\":\"fr-FR\",\"@id\":\"https:\\\/\\\/imagerie78.com\\\/index.php\\\/2023\\\/01\\\/02\\\/01-01-2023-dr-selma-beldjord-rejoint-les-specialistes\\\/#primaryimage\",\"url\":\"https:\\\/\\\/imagerie78.com\\\/wp-content\\\/uploads\\\/2023\\\/01\\\/Docteur-Selma-BELDJORD_vignette.png\",\"contentUrl\":\"https:\\\/\\\/imagerie78.com\\\/wp-content\\\/uploads\\\/2023\\\/01\\\/Docteur-Selma-BELDJORD_vignette.png\",\"width\":409,\"height\":420},{\"@type\":\"BreadcrumbList\",\"@id\":\"https:\\\/\\\/imagerie78.com\\\/index.php\\\/2023\\\/01\\\/02\\\/01-01-2023-dr-selma-beldjord-rejoint-les-specialistes\\\/#breadcrumb\",\"itemListElement\":[{\"@type\":\"ListItem\",\"position\":1,\"name\":\"Accueil\",\"item\":\"https:\\\/\\\/imagerie78.com\\\/\"},{\"@type\":\"ListItem\",\"position\":2,\"name\":\"[01\\\/01\\\/2023] Dr Selma BELDJORD rejoint les sp\u00e9cialistes\"}]},{\"@type\":\"WebSite\",\"@id\":\"https:\\\/\\\/imagerie78.com\\\/#website\",\"url\":\"https:\\\/\\\/imagerie78.com\\\/\",\"name\":\"Imagerie m\u00e9dicale 78\",\"description\":\"\",\"potentialAction\":[{\"@type\":\"SearchAction\",\"target\":{\"@type\":\"EntryPoint\",\"urlTemplate\":\"https:\\\/\\\/imagerie78.com\\\/?s={search_term_string}\"},\"query-input\":{\"@type\":\"PropertyValueSpecification\",\"valueRequired\":true,\"valueName\":\"search_term_string\"}}],\"inLanguage\":\"fr-FR\"},{\"@type\":\"Person\",\"@id\":\"https:\\\/\\\/imagerie78.com\\\/#\\\/schema\\\/person\\\/8edf808eb83c55b0164779708c4ab632\",\"name\":\"G\u00e9rald ROUSSEL\",\"image\":{\"@type\":\"ImageObject\",\"inLanguage\":\"fr-FR\",\"@id\":\"https:\\\/\\\/secure.gravatar.com\\\/avatar\\\/724cf4e8aa1abaa7b3eac147dc21279fb23b6440d27986b8d438b1e4c8eeb0d4?s=96&d=mm&r=g\",\"url\":\"https:\\\/\\\/secure.gravatar.com\\\/avatar\\\/724cf4e8aa1abaa7b3eac147dc21279fb23b6440d27986b8d438b1e4c8eeb0d4?s=96&d=mm&r=g\",\"contentUrl\":\"https:\\\/\\\/secure.gravatar.com\\\/avatar\\\/724cf4e8aa1abaa7b3eac147dc21279fb23b6440d27986b8d438b1e4c8eeb0d4?s=96&d=mm&r=g\",\"caption\":\"G\u00e9rald ROUSSEL\"},\"sameAs\":[\"http:\\\/\\\/www.rouge-services.com\"],\"url\":\"https:\\\/\\\/imagerie78.com\\\/index.php\\\/author\\\/rouge-services\\\/\"}]}<\/script>\n<!-- \/ Yoast SEO plugin. -->","yoast_head_json":{"title":"[01\/01\/2023] Dr Selma BELDJORD rejoint les sp\u00e9cialistes - Imagerie m\u00e9dicale 78","robots":{"index":"index","follow":"follow","max-snippet":"max-snippet:-1","max-image-preview":"max-image-preview:large","max-video-preview":"max-video-preview:-1"},"canonical":"https:\/\/imagerie78.com\/index.php\/2023\/01\/02\/01-01-2023-dr-selma-beldjord-rejoint-les-specialistes\/","og_locale":"fr_FR","og_type":"article","og_title":"[01\/01\/2023] Dr Selma BELDJORD rejoint les sp\u00e9cialistes - Imagerie m\u00e9dicale 78","og_description":"Le Docteur Selma BELDJORD rejoint l&rsquo;\u00e9quipe d&rsquo;Imagerie 78.Elle est sp\u00e9cialis\u00e9e [&hellip;]","og_url":"https:\/\/imagerie78.com\/index.php\/2023\/01\/02\/01-01-2023-dr-selma-beldjord-rejoint-les-specialistes\/","og_site_name":"Imagerie m\u00e9dicale 78","article_published_time":"2023-01-02T11:00:48+00:00","article_modified_time":"2023-01-14T21:33:20+00:00","og_image":[{"width":409,"height":420,"url":"https:\/\/imagerie78.com\/wp-content\/uploads\/2023\/01\/Docteur-Selma-BELDJORD_vignette.png","type":"image\/png"}],"author":"G\u00e9rald ROUSSEL","twitter_card":"summary_large_image","twitter_misc":{"\u00c9crit par":"G\u00e9rald ROUSSEL","Dur\u00e9e de lecture estim\u00e9e":"1 minute"},"schema":{"@context":"https:\/\/schema.org","@graph":[{"@type":"Article","@id":"https:\/\/imagerie78.com\/index.php\/2023\/01\/02\/01-01-2023-dr-selma-beldjord-rejoint-les-specialistes\/#article","isPartOf":{"@id":"https:\/\/imagerie78.com\/index.php\/2023\/01\/02\/01-01-2023-dr-selma-beldjord-rejoint-les-specialistes\/"},"author":{"name":"G\u00e9rald ROUSSEL","@id":"https:\/\/imagerie78.com\/#\/schema\/person\/8edf808eb83c55b0164779708c4ab632"},"headline":"[01\/01\/2023] Dr Selma BELDJORD rejoint les sp\u00e9cialistes","datePublished":"2023-01-02T11:00:48+00:00","dateModified":"2023-01-14T21:33:20+00:00","mainEntityOfPage":{"@id":"https:\/\/imagerie78.com\/index.php\/2023\/01\/02\/01-01-2023-dr-selma-beldjord-rejoint-les-specialistes\/"},"wordCount":36,"image":{"@id":"https:\/\/imagerie78.com\/index.php\/2023\/01\/02\/01-01-2023-dr-selma-beldjord-rejoint-les-specialistes\/#primaryimage"},"thumbnailUrl":"https:\/\/imagerie78.com\/wp-content\/uploads\/2023\/01\/Docteur-Selma-BELDJORD_vignette.png","keywords":["montigny","specialiste"],"articleSection":["Actualit\u00e9"],"inLanguage":"fr-FR"},{"@type":"WebPage","@id":"https:\/\/imagerie78.com\/index.php\/2023\/01\/02\/01-01-2023-dr-selma-beldjord-rejoint-les-specialistes\/","url":"https:\/\/imagerie78.com\/index.php\/2023\/01\/02\/01-01-2023-dr-selma-beldjord-rejoint-les-specialistes\/","name":"[01\/01\/2023] Dr Selma BELDJORD rejoint les sp\u00e9cialistes - Imagerie m\u00e9dicale 78","isPartOf":{"@id":"https:\/\/imagerie78.com\/#website"},"primaryImageOfPage":{"@id":"https:\/\/imagerie78.com\/index.php\/2023\/01\/02\/01-01-2023-dr-selma-beldjord-rejoint-les-specialistes\/#primaryimage"},"image":{"@id":"https:\/\/imagerie78.com\/index.php\/2023\/01\/02\/01-01-2023-dr-selma-beldjord-rejoint-les-specialistes\/#primaryimage"},"thumbnailUrl":"https:\/\/imagerie78.com\/wp-content\/uploads\/2023\/01\/Docteur-Selma-BELDJORD_vignette.png","datePublished":"2023-01-02T11:00:48+00:00","dateModified":"2023-01-14T21:33:20+00:00","author":{"@id":"https:\/\/imagerie78.com\/#\/schema\/person\/8edf808eb83c55b0164779708c4ab632"},"breadcrumb":{"@id":"https:\/\/imagerie78.com\/index.php\/2023\/01\/02\/01-01-2023-dr-selma-beldjord-rejoint-les-specialistes\/#breadcrumb"},"inLanguage":"fr-FR","potentialAction":[{"@type":"ReadAction","target":["https:\/\/imagerie78.com\/index.php\/2023\/01\/02\/01-01-2023-dr-selma-beldjord-rejoint-les-specialistes\/"]}]},{"@type":"ImageObject","inLanguage":"fr-FR","@id":"https:\/\/imagerie78.com\/index.php\/2023\/01\/02\/01-01-2023-dr-selma-beldjord-rejoint-les-specialistes\/#primaryimage","url":"https:\/\/imagerie78.com\/wp-content\/uploads\/2023\/01\/Docteur-Selma-BELDJORD_vignette.png","contentUrl":"https:\/\/imagerie78.com\/wp-content\/uploads\/2023\/01\/Docteur-Selma-BELDJORD_vignette.png","width":409,"height":420},{"@type":"BreadcrumbList","@id":"https:\/\/imagerie78.com\/index.php\/2023\/01\/02\/01-01-2023-dr-selma-beldjord-rejoint-les-specialistes\/#breadcrumb","itemListElement":[{"@type":"ListItem","position":1,"name":"Accueil","item":"https:\/\/imagerie78.com\/"},{"@type":"ListItem","position":2,"name":"[01\/01\/2023] Dr Selma BELDJORD rejoint les sp\u00e9cialistes"}]},{"@type":"WebSite","@id":"https:\/\/imagerie78.com\/#website","url":"https:\/\/imagerie78.com\/","name":"Imagerie m\u00e9dicale 78","description":"","potentialAction":[{"@type":"SearchAction","target":{"@type":"EntryPoint","urlTemplate":"https:\/\/imagerie78.com\/?s={search_term_string}"},"query-input":{"@type":"PropertyValueSpecification","valueRequired":true,"valueName":"search_term_string"}}],"inLanguage":"fr-FR"},{"@type":"Person","@id":"https:\/\/imagerie78.com\/#\/schema\/person\/8edf808eb83c55b0164779708c4ab632","name":"G\u00e9rald ROUSSEL","image":{"@type":"ImageObject","inLanguage":"fr-FR","@id":"https:\/\/secure.gravatar.com\/avatar\/724cf4e8aa1abaa7b3eac147dc21279fb23b6440d27986b8d438b1e4c8eeb0d4?s=96&d=mm&r=g","url":"https:\/\/secure.gravatar.com\/avatar\/724cf4e8aa1abaa7b3eac147dc21279fb23b6440d27986b8d438b1e4c8eeb0d4?s=96&d=mm&r=g","contentUrl":"https:\/\/secure.gravatar.com\/avatar\/724cf4e8aa1abaa7b3eac147dc21279fb23b6440d27986b8d438b1e4c8eeb0d4?s=96&d=mm&r=g","caption":"G\u00e9rald ROUSSEL"},"sameAs":["http:\/\/www.rouge-services.com"],"url":"https:\/\/imagerie78.com\/index.php\/author\/rouge-services\/"}]}},"_links":{"self":[{"href":"https:\/\/imagerie78.com\/index.php\/wp-json\/wp\/v2\/posts\/2880","targetHints":{"allow":["GET"]}}],"collection":[{"href":"https:\/\/imagerie78.com\/index.php\/wp-json\/wp\/v2\/posts"}],"about":[{"href":"https:\/\/imagerie78.com\/index.php\/wp-json\/wp\/v2\/types\/post"}],"author":[{"embeddable":true,"href":"https:\/\/imagerie78.com\/index.php\/wp-json\/wp\/v2\/users\/2"}],"replies":[{"embeddable":true,"href":"https:\/\/imagerie78.com\/index.php\/wp-json\/wp\/v2\/comments?post=2880"}],"version-history":[{"count":3,"href":"https:\/\/imagerie78.com\/index.php\/wp-json\/wp\/v2\/posts\/2880\/revisions"}],"predecessor-version":[{"id":2890,"href":"https:\/\/imagerie78.com\/index.php\/wp-json\/wp\/v2\/posts\/2880\/revisions\/2890"}],"wp:featuredmedia":[{"embeddable":true,"href":"https:\/\/imagerie78.com\/index.php\/wp-json\/wp\/v2\/media\/2887"}],"wp:attachment":[{"href":"https:\/\/imagerie78.com\/index.php\/wp-json\/wp\/v2\/media?parent=2880"}],"wp:term":[{"taxonomy":"category","embeddable":true,"href":"https:\/\/imagerie78.com\/index.php\/wp-json\/wp\/v2\/categories?post=2880"},{"taxonomy":"post_tag","embeddable":true,"href":"https:\/\/imagerie78.com\/index.php\/wp-json\/wp\/v2\/tags?post=2880"}],"curies":[{"name":"wp","href":"https:\/\/api.w.org\/{rel}","templated":true}]}}